{"id":18333,"date":"2022-03-24T12:16:59","date_gmt":"2022-03-24T11:16:59","guid":{"rendered":"https:\/\/www.hab.de\/?p=18333"},"modified":"2024-10-15T13:01:59","modified_gmt":"2024-10-15T11:01:59","slug":"wolfenbuetteler-arbeitskreis-fuer-bibliotheks-buch-und-mediengeschichte","status":"publish","type":"post","link":"https:\/\/www.hab.de\/en\/wolfenbuetteler-arbeitskreis-fuer-bibliotheks-buch-und-mediengeschichte\/","title":{"rendered":"Wolfenb\u00fctteler Arbeitskreis f\u00fcr Bibliotheks-, Buch- und Mediengeschichte"},"content":{"rendered":"<section class=\"fw-main-row \"  >\n\t<div class=\"fw-container\">\n\t\t<div class=\"fw-row\">\n\t<div class=\"fw-col-xs-12\">\n\t<p>The working group regards itself as a forum for scholars, librarians, bibliophiles and members of institutions who are interested in interdisciplinary discussions of issues surrounding library development and the history of books and media in connection with the history of knowledge and scholarship. It strives to achieve cooperation with all other institutions that pursue research in these areas. The working group organises annual conferences.<\/p><p>A committee is responsible for planning and preparing events. Its members are currently as follows: Dr. Julia Bangert (Mainz), Prof. Dr. Daniel Bellingradt (Augsburg), Dr. Julia Kn\u00f6dler (Halle), Dr. Saskia Limbach (G\u00f6ttingen), Dr. Karen Limper-Herz (London), Dr. Joran Proot (Dilbeek\/Br\u00fcssel), Prof. Dr. Bettina Wagner (Bamberg) - chair -, Prof. Dr. Nikolaus Weichselbaumer (Mainz) and the director of the Herzog August Bibliothek.<\/p><p>&nbsp;<\/p><p>2020 annual conference (postponed until autumn 2021)<br \/>\u2018\u201cAlles au\u00dfer Lesen\u00a0\u2026\u201d \u2013 Praxeologien des Buchgebrauchs\u2019 \/ \u2018\u201cEverything but reading\u00a0\u2026\u201d \u2013 Praxeologies of book use\u2019<br \/>Annual conference of the Wolfenb\u00fctteler Arbeitskreis f\u00fcr Bibliotheks-, Buch- und Mediengeschichte at the Schloss Herrenhausen conference centre near Hanover<br \/>Organisation: Prof. Ursula Rautenberg, FAU Erlangen-N\u00fcrnberg \/ Prof. Ute Schneider, JGU Mainz<br \/>16\u201318 September 2020<\/p><p>2019 annual conference<br \/>\u2018Window on eternity: The oldest libraries in the world\u2019<br \/>Annual conference of the Wolfenb\u00fctteler Arbeitskreis f\u00fcr Bibliotheks-, Buch- und Mediengeschichte in the Erzabtei St. Peter, Salzburg<br \/>Organisation: <a href=\"mailto:cornel.dora@stibi.ch\">Dr Cornel Dora<\/a>, St. Gallen diocesan librarian, <a href=\"mailto:bibliothek@erzabtei.at\">Sonja F\u00fchrer<\/a>, librarian at the Stiftsbibliothek St. Peter<br \/>26\u201328 September 2019, Erzabtei St. Peter, Salzburg (Austria)<\/p><p>2018 annual conference<br \/>\u2018The used book\u2019<\/p><p>Coordinators: Prof. Ute Schneider (Mainz), Prof. Daniel Bellingradt (Erlangen)<br \/>24\u201326 September 2018<\/p><p>2017 annual conference<br \/>\u2018The Reformation and books: Centres of ideas, centres of book production\u2019<br \/>Coordinators: Prof. Andrea Seidler (Vienna) and Prof. Istv\u00e1n Monok (Budapest)<br \/>25\u201327 September 2017<\/p><p>2016 annual conference<br \/>\u2018Books and libraries in the economic miracle: Lines of development, continuities and ruptures in Germany and Italy in the post-war era, 1949\u20131965\u2019<br \/>Coordinator: Dr Sven Kuttner (Munich)<br \/>5\u20138 September 2016, Villa Vigoni (Loveno di Menaggio, Italy)<\/p><p>2015 annual conference<br \/>\u2018Public librarians in the Nazi era: Scope for action, continuities, patterns of interpretation\u2019<\/p><p>Coordinator: Dr Sven Kuttner (Munich), Prof. Peter Vodosek (Stuttgart)<br \/>28\u201330 September 2015<\/p><p>2014 annual conference<br \/>\u2018Research into the history of books and the digital humanities\u2019<\/p><p>Coordinator: Prof. Ursula Rautenberg (N\u00fcrnberg-Erlangen), Dr Oliver Duntze (Berlin)<br \/>29 September \u2013 1 October 2014<\/p><p>\u2018Books as a medium: Interdisciplinary research at Wolfenb\u00fcttel\u2019<br \/>Since 2019, the <em>Wolfenb\u00fctteler Notizen zur Buchgeschichte<\/em> has been published in a new format as <em>Medium Buch<\/em>, which appears once a year. Members of the working group receive the journal at a reduced price of 28 euros annually. The first edition came out in autumn 2019. You can find further information on the working group and the registration form for membership on the right-hand side in the \u2018Download\u2019 section.<\/p><\/div>\n<\/div>\n\n<div class=\"fw-row\">\n\t<div class=\"fw-col-xs-12\">\n\t\n<div class=\"article-authors-box \">\n\t<h2 class=\"grid-title mb-25\">Ansprechpartner*innen<\/h2>\n\t\t\t<p class=\"mb-25\"><\/p>\n\t\n\t<div class=\"author-widgets\">\n\t\t\n<div class=\"author-widget-box post-699 person type-person status-publish has-post-thumbnail hentry author_category-personen author_category-mitarbeiter author_category-direktorat author_category-neuere-medien-digitale-bibliothek\">\n    <div class=\"author-avatar\">\n        <a href=\"https:\/\/www.hab.de\/en\/author\/dr-johannes-mangei\/\">\n            <img loading=\"lazy\" decoding=\"async\" width=\"98\" height=\"98\" src=\"https:\/\/www.hab.de\/wp-content\/uploads\/2019\/02\/250528_HAB_\u00a9_Marek_Kruszewski_0115-scaled-e1755672566719-150x150.jpg\" class=\"attachment-98x98 size-98x98 wp-post-image\" alt=\"\" srcset=\"https:\/\/www.hab.de\/wp-content\/uploads\/2019\/02\/250528_HAB_\u00a9_Marek_Kruszewski_0115-scaled-e1755672566719-150x150.jpg 150w, https:\/\/www.hab.de\/wp-content\/uploads\/2019\/02\/250528_HAB_\u00a9_Marek_Kruszewski_0115-scaled-e1755672566719-300x300.jpg 300w, https:\/\/www.hab.de\/wp-content\/uploads\/2019\/02\/250528_HAB_\u00a9_Marek_Kruszewski_0115-scaled-e1755672566719-1024x1024.jpg 1024w, https:\/\/www.hab.de\/wp-content\/uploads\/2019\/02\/250528_HAB_\u00a9_Marek_Kruszewski_0115-scaled-e1755672566719-768x768.jpg 768w, https:\/\/www.hab.de\/wp-content\/uploads\/2019\/02\/250528_HAB_\u00a9_Marek_Kruszewski_0115-scaled-e1755672566719.jpg 1160w\" sizes=\"auto, (max-width: 98px) 100vw, 98px\" \/>        <\/a>\n    <\/div>\n    \n    <div class=\"author-description hab_small_descr\">\n                <h4 class=\"position\">Leiter der Abteilung Neuere Medien, Digitale Bibliothek und Stellvertretender Direktor<\/h4>\n                <a class=\"name\" href=\"https:\/\/www.hab.de\/en\/author\/dr-johannes-mangei\/\">Dr. Johannes Mangei<\/a><br\/>\n        <br\/>\n        \n        <div class=\"phone\">\n            <a href=\"tel:+49 5331 808-303\">+49 5331 808-303<\/a><br\/>\n        <\/div>\n        <a href=\"#\" class=\"btn btn-read-more\">\n            <svg class=\"icon\">\n                <use xlink:href=\"#arrow-right\"><\/use>\n            <\/svg>\n            <span class=\"txt\" data-rot13-email=\"znatrv@uno.qr\">E-Mail Schreiben<\/span>\n        <\/a>\n    <\/div>\n<\/div>\t<\/div>\n\n\t\n\t<hr>\n<\/div><\/div>\n<\/div>\n\n<div class=\"fw-row\">\n\t<div class=\"fw-col-xs-12\">\n\t<h2><strong>Guest institutions<\/strong><\/h2><p>There are also several guest institutions based at the Herzog August Bibliothek. They are fully integrated into the site and close cooperation is maintained with them.<\/p><ul><li><a href=\"http:\/\/www.lessing-akademie.de\/\">Lessing-Akademie<\/a><\/li><li><a href=\"https:\/\/dgej.hab.de\/\" target=\"_blank\" rel=\"noopener\"><u>Deutsche Gesellschaft f\u00fcr die Erforschung des 18. Jahrhunderts<\/u><\/a> (German Society for 18th-Century Studies, DGEJ)<\/li><\/ul><\/div>\n<\/div>\n\n\t<\/div>\n<\/section>\n\n","protected":false},"excerpt":{"rendered":"<p>Forschungsinteressen Buch- und Bibliotheksgeschichte Handschriftenkunde K\u00fcnstlerb\u00fccher, Samisdatliteratur Historische Stadtansichten Geschichte des Kart\u00e4userordens Nieders\u00e4chsische Landesgeschichte &nbsp; Curriculum Vitae Geboren 1968 in Freiburg i. Br. Allgemeine Hochschulreife, Kolleg St. Sebastian, Stegen 1988 Berufsausbildung zum Offsetdrucker, Fa. Schweizer Druck (heute: Dreisam-Druck) in Kirchzarten 1988-1991 Studium: Mittelalterliche Geschichte, Historische Hilfswissenschaften und Germanistik, Albert- Ludwigs-Universit\u00e4t, Freiburg 1991-1997, (Magister Artium, 19.12.1997 [&hellip;]<\/p>\n","protected":false},"author":36,"featured_media":9278,"comment_status":"open","ping_status":"open","sticky":false,"template":"","format":"standard","meta":{"_acf_changed":false,"footnotes":""},"categories":[229,139],"tags":[],"class_list":["post-18333","post","type-post","status-publish","format-standard","has-post-thumbnail","hentry","category-working-groups","category-research"],"acf":[],"_links":{"self":[{"href":"https:\/\/www.hab.de\/en\/wp-json\/wp\/v2\/posts\/18333","targetHints":{"allow":["GET"]}}],"collection":[{"href":"https:\/\/www.hab.de\/en\/wp-json\/wp\/v2\/posts"}],"about":[{"href":"https:\/\/www.hab.de\/en\/wp-json\/wp\/v2\/types\/post"}],"author":[{"embeddable":true,"href":"https:\/\/www.hab.de\/en\/wp-json\/wp\/v2\/users\/36"}],"replies":[{"embeddable":true,"href":"https:\/\/www.hab.de\/en\/wp-json\/wp\/v2\/comments?post=18333"}],"version-history":[{"count":10,"href":"https:\/\/www.hab.de\/en\/wp-json\/wp\/v2\/posts\/18333\/revisions"}],"predecessor-version":[{"id":27813,"href":"https:\/\/www.hab.de\/en\/wp-json\/wp\/v2\/posts\/18333\/revisions\/27813"}],"wp:featuredmedia":[{"embeddable":true,"href":"https:\/\/www.hab.de\/en\/wp-json\/wp\/v2\/media\/9278"}],"wp:attachment":[{"href":"https:\/\/www.hab.de\/en\/wp-json\/wp\/v2\/media?parent=18333"}],"wp:term":[{"taxonomy":"category","embeddable":true,"href":"https:\/\/www.hab.de\/en\/wp-json\/wp\/v2\/categories?post=18333"},{"taxonomy":"post_tag","embeddable":true,"href":"https:\/\/www.hab.de\/en\/wp-json\/wp\/v2\/tags?post=18333"}],"curies":[{"name":"wp","href":"https:\/\/api.w.org\/{rel}","templated":true}]}}