{"id":18940,"date":"2022-05-10T13:58:59","date_gmt":"2022-05-10T11:58:59","guid":{"rendered":"https:\/\/www.hab.de\/?p=18940"},"modified":"2022-05-11T09:19:45","modified_gmt":"2022-05-11T07:19:45","slug":"the-hab-as-a-state-library","status":"publish","type":"post","link":"https:\/\/www.hab.de\/en\/the-hab-as-a-state-library\/","title":{"rendered":"The HAB as a state library"},"content":{"rendered":"<section class=\"fw-main-row \"  >\n\t<div class=\"fw-container\">\n\t\t<div class=\"fw-row\">\n\t<div class=\"fw-col-xs-12\">\n\t<p>As a regional library, it is obliged to fulfil certain functions, carried out in conjunction with the Gottfried Wilhelm Leibniz Bibliothek in Hanover (which is also the Nieders\u00e4chsische Landesbibliothek, or State Library of Lower Saxony) and the Landesbibliothek Oldenburg. In accordance with press legislation in Lower Saxony, the obligation on publishers and printers to deposit a copy of a published work is mainly the responsibility of the Nieders\u00e4chsische Landesbibliothek in Hanover. The function of each state library is set out in detail in target agreements between the state libraries and the Nieders\u00e4chsisches Ministerium f\u00fcr Wissenschaft und Kultur (Lower Saxony Ministry of Science and Culture, MWK).<\/p><p>In addition, the Herzog August Bibliothek is an active member of the consortium of regional libraries within section 4 (scholarly research libraries) of the Deutsche Bibliotheksverband (German Library Association, dbv). Current activities include efforts to create a Verteilte Digitale Landesbibliothek (Distributed Digital State Library, VDL), which will initially contain digitised versions of historical maps and manuscripts from Lower Saxony\u2019s three state libraries.<\/p><p>There is an inherent tension in the work undertaken by the library \u2013 on the one hand, it aspires to be one of the most distinguished research libraries, while, on the other, its effectiveness is comparatively restricted as a regional library \u2013 and this has its difficulties, as illustrated in the following statement by the former director of the library, Erhart K\u00e4stner (1904\u20131974, director 1950\u20131968): \u2018The worst thing that could happen is if the Wolfenb\u00fcttel Library were to try to become a state library like any other.\u2019<\/p><\/div>\n<\/div>\n\n<div class=\"fw-row\">\n\t<div class=\"fw-col-xs-12\">\n\t\n<div class=\"article-authors-box \">\n\t<h2 class=\"grid-title mb-25\">Contact<\/h2>\n\t\t\t<p class=\"mb-25\"><\/p>\n\t\n\t<div class=\"author-widgets\">\n\t\t\n<div class=\"author-widget-box post-699 person type-person status-publish has-post-thumbnail hentry author_category-personen author_category-mitarbeiter author_category-direktorat author_category-neuere-medien-digitale-bibliothek\">\n    <div class=\"author-avatar\">\n        <a href=\"https:\/\/www.hab.de\/en\/author\/dr-johannes-mangei\/\">\n            <img loading=\"lazy\" decoding=\"async\" width=\"98\" height=\"98\" src=\"https:\/\/www.hab.de\/wp-content\/uploads\/2019\/02\/250528_HAB_\u00a9_Marek_Kruszewski_0115-scaled-e1755672566719-150x150.jpg\" class=\"attachment-98x98 size-98x98 wp-post-image\" alt=\"\" srcset=\"https:\/\/www.hab.de\/wp-content\/uploads\/2019\/02\/250528_HAB_\u00a9_Marek_Kruszewski_0115-scaled-e1755672566719-150x150.jpg 150w, https:\/\/www.hab.de\/wp-content\/uploads\/2019\/02\/250528_HAB_\u00a9_Marek_Kruszewski_0115-scaled-e1755672566719-300x300.jpg 300w, https:\/\/www.hab.de\/wp-content\/uploads\/2019\/02\/250528_HAB_\u00a9_Marek_Kruszewski_0115-scaled-e1755672566719-1024x1024.jpg 1024w, https:\/\/www.hab.de\/wp-content\/uploads\/2019\/02\/250528_HAB_\u00a9_Marek_Kruszewski_0115-scaled-e1755672566719-768x768.jpg 768w, https:\/\/www.hab.de\/wp-content\/uploads\/2019\/02\/250528_HAB_\u00a9_Marek_Kruszewski_0115-scaled-e1755672566719.jpg 1160w\" sizes=\"auto, (max-width: 98px) 100vw, 98px\" \/>        <\/a>\n    <\/div>\n    \n    <div class=\"author-description hab_small_descr\">\n                <h4 class=\"position\">Leiter der Abteilung Neuere Medien, Digitale Bibliothek und Stellvertretender Direktor<\/h4>\n                <a class=\"name\" href=\"https:\/\/www.hab.de\/en\/author\/dr-johannes-mangei\/\">Dr. Johannes Mangei<\/a><br\/>\n        <br\/>\n        \n        <div class=\"phone\">\n            <a href=\"tel:+49 5331 808-303\">+49 5331 808-303<\/a><br\/>\n        <\/div>\n        <a href=\"#\" class=\"btn btn-read-more\">\n            <svg class=\"icon\">\n                <use xlink:href=\"#arrow-right\"><\/use>\n            <\/svg>\n            <span class=\"txt\" data-rot13-email=\"znatrv@uno.qr\">E-Mail Schreiben<\/span>\n        <\/a>\n    <\/div>\n<\/div>\t<\/div>\n\n\t\n\t<hr>\n<\/div><\/div>\n<\/div>\n\n\t<\/div>\n<\/section>\n\n","protected":false},"excerpt":{"rendered":"<p>Forschungsinteressen Buch- und Bibliotheksgeschichte Handschriftenkunde K\u00fcnstlerb\u00fccher, Samisdatliteratur Historische Stadtansichten Geschichte des Kart\u00e4userordens Nieders\u00e4chsische Landesgeschichte &nbsp; Curriculum Vitae Geboren 1968 in Freiburg i. Br. Allgemeine Hochschulreife, Kolleg St. Sebastian, Stegen 1988 Berufsausbildung zum Offsetdrucker, Fa. Schweizer Druck (heute: Dreisam-Druck) in Kirchzarten 1988-1991 Studium: Mittelalterliche Geschichte, Historische Hilfswissenschaften und Germanistik, Albert- Ludwigs-Universit\u00e4t, Freiburg 1991-1997, (Magister Artium, 19.12.1997 [&hellip;]<\/p>\n","protected":false},"author":36,"featured_media":9214,"comment_status":"open","ping_status":"open","sticky":false,"template":"","format":"standard","meta":{"_acf_changed":false,"footnotes":""},"categories":[132,225],"tags":[],"class_list":["post-18940","post","type-post","status-publish","format-standard","has-post-thumbnail","hentry","category-library","category-competence"],"acf":[],"_links":{"self":[{"href":"https:\/\/www.hab.de\/en\/wp-json\/wp\/v2\/posts\/18940","targetHints":{"allow":["GET"]}}],"collection":[{"href":"https:\/\/www.hab.de\/en\/wp-json\/wp\/v2\/posts"}],"about":[{"href":"https:\/\/www.hab.de\/en\/wp-json\/wp\/v2\/types\/post"}],"author":[{"embeddable":true,"href":"https:\/\/www.hab.de\/en\/wp-json\/wp\/v2\/users\/36"}],"replies":[{"embeddable":true,"href":"https:\/\/www.hab.de\/en\/wp-json\/wp\/v2\/comments?post=18940"}],"version-history":[{"count":3,"href":"https:\/\/www.hab.de\/en\/wp-json\/wp\/v2\/posts\/18940\/revisions"}],"predecessor-version":[{"id":18960,"href":"https:\/\/www.hab.de\/en\/wp-json\/wp\/v2\/posts\/18940\/revisions\/18960"}],"wp:featuredmedia":[{"embeddable":true,"href":"https:\/\/www.hab.de\/en\/wp-json\/wp\/v2\/media\/9214"}],"wp:attachment":[{"href":"https:\/\/www.hab.de\/en\/wp-json\/wp\/v2\/media?parent=18940"}],"wp:term":[{"taxonomy":"category","embeddable":true,"href":"https:\/\/www.hab.de\/en\/wp-json\/wp\/v2\/categories?post=18940"},{"taxonomy":"post_tag","embeddable":true,"href":"https:\/\/www.hab.de\/en\/wp-json\/wp\/v2\/tags?post=18940"}],"curies":[{"name":"wp","href":"https:\/\/api.w.org\/{rel}","templated":true}]}}