{"id":22484,"date":"2023-05-11T11:28:32","date_gmt":"2023-05-11T09:28:32","guid":{"rendered":"https:\/\/www.hab.de\/?p=22484"},"modified":"2023-10-30T11:13:52","modified_gmt":"2023-10-30T10:13:52","slug":"innige-momente-und-wachsende-entfernung-lesung-mit-urs-faes","status":"publish","type":"post","link":"https:\/\/www.hab.de\/en\/innige-momente-und-wachsende-entfernung-lesung-mit-urs-faes\/","title":{"rendered":"Innige Momente und wachsende Entfernung &#8211; Lesung mit Urs Faes"},"content":{"rendered":"<p>Mit gro\u00dfer Zartheit n\u00e4hert sich Urs Faes in seinem Roman einem Paar unter dem Eindruck des Alters und der Krankheit: Ein Name bleibt aus, ein Termin wird vers\u00e4umt, ein Kehrichtsack landet im Teich des Nachbarn. Faes erz\u00e4hlt von innigen Momenten und wachsender Entfernung, von F\u00fcrsorge und Ersch\u00f6pfung, von der Verunsicherung, wenn einer sich selbst abhandenkommt und lange Verdr\u00e4ngtes pl\u00f6tzlich wieder Gegenwart wird. Und von der Kraft der Einf\u00fchlung, einer Verst\u00e4ndigung jenseits der Worte.<\/p>\n<p>Nach der Lesung gibt es Gelegenheit zu einem Gespr\u00e4ch mit dem Autor und einem gemeinsamen Glas Wein. Das Buch kann bei dieser Gelegenheit nat\u00fcrlich auch erworben werden \u2013 die Wolfenb\u00fctteler Buchhandlung \u201eB\u00fccher Behr\u201c wird mit einem B\u00fcchertisch vor Ort sein.<\/p>\n<p><strong>Urs Faes<\/strong>, 1947 geboren, lebt und arbeitet in Z\u00fcrich. Seine Werke wurden vielfach ausgezeichnet, u. a. mit dem Schweizerischen Schillerpreis und dem Zolliker Kunstpreis. Seine Romane\u00a0<em>Paarbildung<\/em>\u00a0und\u00a0<em>Halt auf Verlangen<\/em>\u00a0standen auf der Shortlist f\u00fcr den Schweizer Buchpreis.<\/p>\n<p>&nbsp;<\/p>\n<p><strong>Eintritt<\/strong>: 7 \u20ac<\/p>\n<p><strong>Einlass<\/strong>: 18:30 Uhr, <strong>Beginn<\/strong>: 19 Uhr<\/p>\n<p><strong>Veranstaltungsort<\/strong>: Gartensaal im Lessinghaus, Lessingplatz 2, 38300 Wolfenb\u00fcttel<\/p>\n<p><strong>Reservierungen<\/strong> nehmen wir per E-Mail an kulturprg@hab.de sowie telefonisch unter 05331\/808-203 entgegen.<\/p>\n<p>Bild: Urs Faes. \u00a9 J\u00fcrgen Bauer<\/p>\n","protected":false},"excerpt":{"rendered":"<p>Mit gro\u00dfer Zartheit n\u00e4hert sich Urs Faes in seinem Roman einem Paar unter dem Eindruck des Alters und der Krankheit: Ein Name bleibt aus, ein Termin wird vers\u00e4umt, ein Kehrichtsack landet im Teich des Nachbarn. Faes erz\u00e4hlt von innigen Momenten und wachsender Entfernung, von F\u00fcrsorge und Ersch\u00f6pfung, von der Verunsicherung, wenn einer sich selbst abhandenkommt [&hellip;]<\/p>\n","protected":false},"author":16,"featured_media":22146,"comment_status":"closed","ping_status":"closed","sticky":false,"template":"","format":"standard","meta":{"_acf_changed":false,"footnotes":""},"categories":[59,206,15],"tags":[],"class_list":["post-22484","post","type-post","status-publish","format-standard","has-post-thumbnail","hentry","category-presse","category-pressemitteilungen-archiv","category-info"],"acf":[],"_links":{"self":[{"href":"https:\/\/www.hab.de\/en\/wp-json\/wp\/v2\/posts\/22484","targetHints":{"allow":["GET"]}}],"collection":[{"href":"https:\/\/www.hab.de\/en\/wp-json\/wp\/v2\/posts"}],"about":[{"href":"https:\/\/www.hab.de\/en\/wp-json\/wp\/v2\/types\/post"}],"author":[{"embeddable":true,"href":"https:\/\/www.hab.de\/en\/wp-json\/wp\/v2\/users\/16"}],"replies":[{"embeddable":true,"href":"https:\/\/www.hab.de\/en\/wp-json\/wp\/v2\/comments?post=22484"}],"version-history":[{"count":4,"href":"https:\/\/www.hab.de\/en\/wp-json\/wp\/v2\/posts\/22484\/revisions"}],"predecessor-version":[{"id":22604,"href":"https:\/\/www.hab.de\/en\/wp-json\/wp\/v2\/posts\/22484\/revisions\/22604"}],"wp:featuredmedia":[{"embeddable":true,"href":"https:\/\/www.hab.de\/en\/wp-json\/wp\/v2\/media\/22146"}],"wp:attachment":[{"href":"https:\/\/www.hab.de\/en\/wp-json\/wp\/v2\/media?parent=22484"}],"wp:term":[{"taxonomy":"category","embeddable":true,"href":"https:\/\/www.hab.de\/en\/wp-json\/wp\/v2\/categories?post=22484"},{"taxonomy":"post_tag","embeddable":true,"href":"https:\/\/www.hab.de\/en\/wp-json\/wp\/v2\/tags?post=22484"}],"curies":[{"name":"wp","href":"https:\/\/api.w.org\/{rel}","templated":true}]}}